{"id":3399,"date":"2019-06-14T16:08:33","date_gmt":"2019-06-14T16:08:33","guid":{"rendered":"http:\/\/sibenik-taxi.net\/sibenik-connected-with-the-world\/"},"modified":"2019-08-12T10:49:21","modified_gmt":"2019-08-12T10:49:21","slug":"sibenik-connected-with-the-world","status":"publish","type":"post","link":"https:\/\/sibenik-taxi.net\/en\/sibenik-connected-with-the-world\/","title":{"rendered":"Sibenik connected with the world"},"content":{"rendered":"<h2><span lang=\"hr-HR\" style=\"color: #000000;\">Sibenik connected with the world<\/span><\/h2>\n<p><span lang=\"hr-HR\" style=\"color: #000000;\">Biti povezan sa svijetom mnogo je lak\u0161e kada u blizini grada \u0160ibenika u kojem \u017eivimo, na manje od sat vremena vo\u017enje postoje \u010dak dvije zra\u010dne luke: Zra\u010dna luka Split i Zra\u010dna luka Zadar. \u010cesto, po vrlo povoljnim cijenama sa oba ova aerodroma mo\u017eete poletjeti u mnoge europske destinacije iz kojih dalje mo\u017eemo kombinirati i prekooceanske letove. Na isti na\u010din, pogotovo u ovim ljetnim mjesecima, turisti iz raznih dijelova svijeta, dolaze\u0107i na odmor u na\u0161 grad \u0160ibenik i \u0160ibensko-kninsku \u017eupaniju, slije\u0107u upravo na ova dva aerodroma.<\/span><\/p>\n<p><em><span lang=\"hr-HR\" style=\"color: #000000;\"><img loading=\"lazy\" decoding=\"async\" class=\"alignnone size-full wp-image-3392\" src=\"http:\/\/sibenik-taxi.net\/wp-content\/uploads\/2019\/06\/post-4-fotke.jpg\" alt=\"\u0160ibenik povezan sa svijetom\" width=\"565\" height=\"409\" srcset=\"https:\/\/sibenik-taxi.net\/wp-content\/uploads\/2019\/06\/post-4-fotke.jpg 565w, https:\/\/sibenik-taxi.net\/wp-content\/uploads\/2019\/06\/post-4-fotke-300x217.jpg 300w, https:\/\/sibenik-taxi.net\/wp-content\/uploads\/2019\/06\/post-4-fotke-370x268.jpg 370w\" sizes=\"auto, (max-width: 565px) 100vw, 565px\" \/><\/span><\/em><em><span lang=\"hr-HR\" style=\"color: #000000;\"><br \/>\nPhoto: Zra\u010dna luka Zadar<\/span><\/em><\/p>\n<h3><span lang=\"hr-HR\" style=\"color: #000000;\">Putna groznica ili radost putovanja<\/span><\/h3>\n<p><span lang=\"hr-HR\" style=\"color: #000000;\">Iz kojeg god smjera dolazili i gdje god na godi\u0161nji odmor i\u0161li, svi se putnici na svom putu do \u017eeljene destinacije osje\u0107aju sli\u010dno. S jedne strane provjeravaju jesu li sve \u0161to im je potrebno ponijeli, tje\u0161e se ako su ne\u0161to zaboravili da mogu i bez toga, \u010ditaju razli\u010dite vodi\u010de o mjestu u koje idu, osje\u0107aju laganu nervozu povezanu sa uzbu\u0111enjem zbog novih avantura koje ih o\u010dekuju. S druge se strane, nakon slijetanja, svi putnici susre\u0107u sa drugim situacijama koje su vi\u0161e tehni\u010dke prirode \u2013 koja je valuta u stranoj zemlji, gdje je najbolje promijeniti novac, kako do lokacije smje\u0161taja, gdje je prvi slobodan taksi, kakvo je vrijeme vani. I tek nakon ovih posljednjih provjera putnici mogu zakora\u010diti u zavr\u0161nu etapu putovanja, onu od aerodroma do samog smje\u0161taja koji su rezervirali.<\/span><\/p>\n<p><em><span lang=\"hr-HR\" style=\"color: #000000;\"><img loading=\"lazy\" decoding=\"async\" class=\"alignnone size-full wp-image-3390\" src=\"http:\/\/sibenik-taxi.net\/wp-content\/uploads\/2019\/06\/post-4-fotke2.jpg\" alt=\"\u0160ibenik povezan sa svijetom\" width=\"565\" height=\"409\" srcset=\"https:\/\/sibenik-taxi.net\/wp-content\/uploads\/2019\/06\/post-4-fotke2.jpg 565w, https:\/\/sibenik-taxi.net\/wp-content\/uploads\/2019\/06\/post-4-fotke2-300x217.jpg 300w, https:\/\/sibenik-taxi.net\/wp-content\/uploads\/2019\/06\/post-4-fotke2-370x268.jpg 370w\" sizes=\"auto, (max-width: 565px) 100vw, 565px\" \/><br \/>\n(Photo: Unsplash)<\/span><\/em><\/p>\n<h3><span lang=\"hr-HR\" style=\"color: #000000;\">Transfer od i do zra\u010dne luke<\/span><\/h3>\n<p><span style=\"color: #000000;\"><span lang=\"hr-HR\">Idealan na\u010din transfera od aerodroma je onaj bez presjedanja, kada voza\u010du damo adresu i naslonimo se <\/span><span lang=\"hr-HR\">u ugodno sjedalo taxi vozila gledaju\u0107i kroz prozor zanimljive prizore nepoznate i nove sredine. U tom su smislu zanimljivi rezultati istra\u017eivanja koje je proveo booking.com, a koje je otkrilo da \u0107e na putovanju osje\u0107aj sre\u0107e biti ja\u010di ako je proces rezervacije protekao glatko i bez problema.<\/span><\/span><\/p>\n<p><em><span lang=\"hr-HR\" style=\"color: #000000;\"><img loading=\"lazy\" decoding=\"async\" class=\"alignnone size-full wp-image-3388\" src=\"http:\/\/sibenik-taxi.net\/wp-content\/uploads\/2019\/06\/post-4-fotke3.jpg\" alt=\"\u0160ibenik povezan sa svijetom\" width=\"565\" height=\"409\" srcset=\"https:\/\/sibenik-taxi.net\/wp-content\/uploads\/2019\/06\/post-4-fotke3.jpg 565w, https:\/\/sibenik-taxi.net\/wp-content\/uploads\/2019\/06\/post-4-fotke3-300x217.jpg 300w, https:\/\/sibenik-taxi.net\/wp-content\/uploads\/2019\/06\/post-4-fotke3-370x268.jpg 370w\" sizes=\"auto, (max-width: 565px) 100vw, 565px\" \/><br \/>\nTransferi do i od aerodroma (Photo: Unsplash)<\/span><\/em><\/p>\n<h3><span lang=\"hr-HR\" style=\"color: #000000;\">On line rezervacije<\/span><\/h3>\n<p><span style=\"color: #000000;\"><span lang=\"hr-HR\">Vode\u0107i se ovim saznanjima, Gradski Taxi \u0160ibenik, svjestan da posluje u dana\u0161njem svijetu on-line rezervacija, stavio je svojim gostima-putnicima na raspolaganje \u010dak 5 kanala kojima se mogu naru\u010diti transferi od i do splitskog i zadarskog aerodroma \u2013 poziv, mail, Facebook, Instagram i Trip Advisor. A ono \u0161to \u0107e jo\u0161 vi\u0161e utjecati na osje\u0107aj sre\u0107e turista kada rezerviraju transfer do zra\u010dne luke je i to da se \u010dekanje u slu\u010daju ka\u0161njenja letova dodatno ne napla\u0107uje! \ud83d\ude42 <\/span><\/span><\/p>\n<p><span lang=\"hr-HR\" style=\"color: #000000;\">Probuditi se negdje prvi put iskustvo je koje se ne mo\u017ee ni sa \u010dim usporediti. Da bi izbjegli nepotreban stres, posvetite se organizaciji putovanja i transfera prije samog puta, a u slu\u010daju da to niste napravili znajte da vas od rje\u0161enja situacije dijeli tek nekoliko klikova. Za svoje bezbri\u017eno putovanje rezervirajte Gradski Taxi \u0160ibenik ako je va\u0161a polazi\u0161na ili dolazi\u0161na to\u010dka upravo grad \u0160ibenik.<\/span><\/p>\n<p><span lang=\"hr-HR\" style=\"color: #000000;\"><img loading=\"lazy\" decoding=\"async\" class=\"alignnone size-full wp-image-3386\" src=\"http:\/\/sibenik-taxi.net\/wp-content\/uploads\/2019\/06\/post-4-fotke4.jpg\" alt=\"\u0160ibenik povezan sa svijetom\" width=\"565\" height=\"409\" srcset=\"https:\/\/sibenik-taxi.net\/wp-content\/uploads\/2019\/06\/post-4-fotke4.jpg 565w, https:\/\/sibenik-taxi.net\/wp-content\/uploads\/2019\/06\/post-4-fotke4-300x217.jpg 300w, https:\/\/sibenik-taxi.net\/wp-content\/uploads\/2019\/06\/post-4-fotke4-370x268.jpg 370w\" sizes=\"auto, (max-width: 565px) 100vw, 565px\" \/><br \/>\nGradski taxi \u0160ibenik <\/span><span style=\"color: #000000;\"><span style=\"color: #ffffff;\"><a style=\"color: #ffffff;\" href=\"http:\/\/sibenik-taxi.net\/\">\u2190 home page<\/a> <a style=\"color: #ffffff;\" href=\"https:\/\/www.google.hr\/search?q=%C5%A1ibenik&amp;source=lnms&amp;tbm=isch&amp;sa=X&amp;ved=0ahUKEwien7Dr6JHaAhUGiiwKHYiADFwQ_AUICygC&amp;biw=1920&amp;bih=1069\">\u2190 photos of \u0160ibenik<\/a><\/span><br \/>\n<img loading=\"lazy\" decoding=\"async\" class=\"size-full wp-image-1256\" src=\"http:\/\/sibenik-taxi.net\/wp-content\/uploads\/2018\/03\/Taxi-\u0160ibenik.jpg\" alt=\"O nama\" width=\"400\" height=\"5\" srcset=\"https:\/\/sibenik-taxi.net\/wp-content\/uploads\/2018\/03\/Taxi-\u0160ibenik.jpg 400w, https:\/\/sibenik-taxi.net\/wp-content\/uploads\/2018\/03\/Taxi-\u0160ibenik-300x4.jpg 300w, https:\/\/sibenik-taxi.net\/wp-content\/uploads\/2018\/03\/Taxi-\u0160ibenik-370x5.jpg 370w\" sizes=\"auto, (max-width: 400px) 100vw, 400px\" \/><img loading=\"lazy\" decoding=\"async\" class=\"size-full wp-image-1256\" src=\"http:\/\/sibenik-taxi.net\/wp-content\/uploads\/2018\/03\/Taxi-\u0160ibenik.jpg\" alt=\"O nama\" width=\"400\" height=\"5\" srcset=\"https:\/\/sibenik-taxi.net\/wp-content\/uploads\/2018\/03\/Taxi-\u0160ibenik.jpg 400w, https:\/\/sibenik-taxi.net\/wp-content\/uploads\/2018\/03\/Taxi-\u0160ibenik-300x4.jpg 300w, https:\/\/sibenik-taxi.net\/wp-content\/uploads\/2018\/03\/Taxi-\u0160ibenik-370x5.jpg 370w\" sizes=\"auto, (max-width: 400px) 100vw, 400px\" \/><br \/>\n<\/span><\/p>\n","protected":false},"excerpt":{"rendered":"<p>Sibenik connected with the world Biti povezan sa svijetom mnogo je lak\u0161e kada u blizini grada \u0160ibenika u kojem \u017eivimo, na manje od sat vremena vo\u017enje postoje \u010dak dvije zra\u010dne luke: Zra\u010dna luka Split i Zra\u010dna luka Zadar. \u010cesto, po vrlo povoljnim cijenama sa oba ova aerodroma mo\u017eete poletjeti u mnoge europske destinacije iz kojih dalje mo\u017eemo kombinirati i prekooceanske&hellip;<\/p>\n","protected":false},"author":1,"featured_media":0,"comment_status":"closed","ping_status":"closed","sticky":false,"template":"","format":"standard","meta":{"_monsterinsights_skip_tracking":false,"_monsterinsights_sitenote_active":false,"_monsterinsights_sitenote_note":"","_monsterinsights_sitenote_category":0,"footnotes":""},"categories":[59],"tags":[],"class_list":["post-3399","post","type-post","status-publish","format-standard","hentry","category-news"],"yoast_head":"<!-- This site is optimized with the Yoast SEO plugin v26.5 - https:\/\/yoast.com\/wordpress\/plugins\/seo\/ -->\n<title>\u0160ibenik connected with the world | Taxi Sibenik | City taxi | Order taxi<\/title>\n<meta name=\"description\" content=\"A brief history of taxi \u00b7 Trips \u00b7 Taxi in Sibenik \u00b7 City taxi Sibenik \u00b7 Order taxi \u00b7 + 385 99 3232 777 \u00b7 taxi.gradski.sib@gmail.com\" \/>\n<meta name=\"robots\" content=\"index, follow, max-snippet:-1, max-image-preview:large, max-video-preview:-1\" \/>\n<link rel=\"canonical\" href=\"https:\/\/sibenik-taxi.net\/en\/sibenik-connected-with-the-world\/\" \/>\n<meta property=\"og:locale\" content=\"en_US\" \/>\n<meta property=\"og:type\" content=\"article\" \/>\n<meta property=\"og:title\" content=\"\u0160ibenik connected with the world | Taxi Sibenik | City taxi | Order taxi\" \/>\n<meta property=\"og:description\" content=\"A brief history of taxi \u00b7 Trips \u00b7 Taxi in Sibenik \u00b7 City taxi Sibenik \u00b7 Order taxi \u00b7 + 385 99 3232 777 \u00b7 taxi.gradski.sib@gmail.com\" \/>\n<meta property=\"og:url\" content=\"https:\/\/sibenik-taxi.net\/en\/sibenik-connected-with-the-world\/\" \/>\n<meta property=\"og:site_name\" content=\"Gradski taxi \u0160ibenik\" \/>\n<meta property=\"article:publisher\" content=\"https:\/\/www.facebook.com\/Gradski-taxi-%c5%a0ibenik-488901857822509\/\" \/>\n<meta property=\"article:published_time\" content=\"2019-06-14T16:08:33+00:00\" \/>\n<meta property=\"article:modified_time\" content=\"2019-08-12T10:49:21+00:00\" \/>\n<meta property=\"og:image\" content=\"http:\/\/sibenik-taxi.net\/wp-content\/uploads\/2019\/06\/post-4-fotke.jpg\" \/>\n<meta name=\"author\" content=\"ribica\" \/>\n<meta name=\"twitter:card\" content=\"summary_large_image\" \/>\n<meta name=\"twitter:label1\" content=\"Written by\" \/>\n\t<meta name=\"twitter:data1\" content=\"ribica\" \/>\n\t<meta name=\"twitter:label2\" content=\"Est. reading time\" \/>\n\t<meta name=\"twitter:data2\" content=\"3 minutes\" \/>\n<script type=\"application\/ld+json\" class=\"yoast-schema-graph\">{\"@context\":\"https:\/\/schema.org\",\"@graph\":[{\"@type\":\"Article\",\"@id\":\"https:\/\/sibenik-taxi.net\/en\/sibenik-connected-with-the-world\/#article\",\"isPartOf\":{\"@id\":\"https:\/\/sibenik-taxi.net\/en\/sibenik-connected-with-the-world\/\"},\"author\":{\"name\":\"ribica\",\"@id\":\"https:\/\/sibenik-taxi.net\/#\/schema\/person\/68fdc7e2899386ab5baec50471ca9668\"},\"headline\":\"Sibenik connected with the world\",\"datePublished\":\"2019-06-14T16:08:33+00:00\",\"dateModified\":\"2019-08-12T10:49:21+00:00\",\"mainEntityOfPage\":{\"@id\":\"https:\/\/sibenik-taxi.net\/en\/sibenik-connected-with-the-world\/\"},\"wordCount\":513,\"publisher\":{\"@id\":\"https:\/\/sibenik-taxi.net\/#organization\"},\"image\":{\"@id\":\"https:\/\/sibenik-taxi.net\/en\/sibenik-connected-with-the-world\/#primaryimage\"},\"thumbnailUrl\":\"http:\/\/sibenik-taxi.net\/wp-content\/uploads\/2019\/06\/post-4-fotke.jpg\",\"articleSection\":[\"News\"],\"inLanguage\":\"en-US\"},{\"@type\":\"WebPage\",\"@id\":\"https:\/\/sibenik-taxi.net\/en\/sibenik-connected-with-the-world\/\",\"url\":\"https:\/\/sibenik-taxi.net\/en\/sibenik-connected-with-the-world\/\",\"name\":\"\u0160ibenik connected with the world | Taxi Sibenik | City taxi | Order taxi\",\"isPartOf\":{\"@id\":\"https:\/\/sibenik-taxi.net\/#website\"},\"primaryImageOfPage\":{\"@id\":\"https:\/\/sibenik-taxi.net\/en\/sibenik-connected-with-the-world\/#primaryimage\"},\"image\":{\"@id\":\"https:\/\/sibenik-taxi.net\/en\/sibenik-connected-with-the-world\/#primaryimage\"},\"thumbnailUrl\":\"http:\/\/sibenik-taxi.net\/wp-content\/uploads\/2019\/06\/post-4-fotke.jpg\",\"datePublished\":\"2019-06-14T16:08:33+00:00\",\"dateModified\":\"2019-08-12T10:49:21+00:00\",\"description\":\"A brief history of taxi \u00b7 Trips \u00b7 Taxi in Sibenik \u00b7 City taxi Sibenik \u00b7 Order taxi \u00b7 + 385 99 3232 777 \u00b7 taxi.gradski.sib@gmail.com\",\"breadcrumb\":{\"@id\":\"https:\/\/sibenik-taxi.net\/en\/sibenik-connected-with-the-world\/#breadcrumb\"},\"inLanguage\":\"en-US\",\"potentialAction\":[{\"@type\":\"ReadAction\",\"target\":[\"https:\/\/sibenik-taxi.net\/en\/sibenik-connected-with-the-world\/\"]}]},{\"@type\":\"ImageObject\",\"inLanguage\":\"en-US\",\"@id\":\"https:\/\/sibenik-taxi.net\/en\/sibenik-connected-with-the-world\/#primaryimage\",\"url\":\"http:\/\/sibenik-taxi.net\/wp-content\/uploads\/2019\/06\/post-4-fotke.jpg\",\"contentUrl\":\"http:\/\/sibenik-taxi.net\/wp-content\/uploads\/2019\/06\/post-4-fotke.jpg\"},{\"@type\":\"BreadcrumbList\",\"@id\":\"https:\/\/sibenik-taxi.net\/en\/sibenik-connected-with-the-world\/#breadcrumb\",\"itemListElement\":[{\"@type\":\"ListItem\",\"position\":1,\"name\":\"Home\",\"item\":\"https:\/\/sibenik-taxi.net\/en\/\"},{\"@type\":\"ListItem\",\"position\":2,\"name\":\"Sibenik connected with the world\"}]},{\"@type\":\"WebSite\",\"@id\":\"https:\/\/sibenik-taxi.net\/#website\",\"url\":\"https:\/\/sibenik-taxi.net\/\",\"name\":\"Gradski taxi \u0160ibenik\",\"description\":\"Taxi \u0160ibenik - Transferi od 0 do 24h\",\"publisher\":{\"@id\":\"https:\/\/sibenik-taxi.net\/#organization\"},\"potentialAction\":[{\"@type\":\"SearchAction\",\"target\":{\"@type\":\"EntryPoint\",\"urlTemplate\":\"https:\/\/sibenik-taxi.net\/?s={search_term_string}\"},\"query-input\":{\"@type\":\"PropertyValueSpecification\",\"valueRequired\":true,\"valueName\":\"search_term_string\"}}],\"inLanguage\":\"en-US\"},{\"@type\":\"Organization\",\"@id\":\"https:\/\/sibenik-taxi.net\/#organization\",\"name\":\"Gradski taxi \u0160ibenik\",\"url\":\"https:\/\/sibenik-taxi.net\/\",\"logo\":{\"@type\":\"ImageObject\",\"inLanguage\":\"en-US\",\"@id\":\"https:\/\/sibenik-taxi.net\/#\/schema\/logo\/image\/\",\"url\":\"https:\/\/sibenik-taxi.net\/wp-content\/uploads\/2018\/04\/taxi-logo-google.png\",\"contentUrl\":\"https:\/\/sibenik-taxi.net\/wp-content\/uploads\/2018\/04\/taxi-logo-google.png\",\"width\":201,\"height\":64,\"caption\":\"Gradski taxi \u0160ibenik\"},\"image\":{\"@id\":\"https:\/\/sibenik-taxi.net\/#\/schema\/logo\/image\/\"},\"sameAs\":[\"https:\/\/www.facebook.com\/Gradski-taxi-\u0160ibenik-488901857822509\/\"]},{\"@type\":\"Person\",\"@id\":\"https:\/\/sibenik-taxi.net\/#\/schema\/person\/68fdc7e2899386ab5baec50471ca9668\",\"name\":\"ribica\",\"image\":{\"@type\":\"ImageObject\",\"inLanguage\":\"en-US\",\"@id\":\"https:\/\/sibenik-taxi.net\/#\/schema\/person\/image\/\",\"url\":\"https:\/\/secure.gravatar.com\/avatar\/3d76ba6f4f8fc518cde6a06f90073cb7c0fd5e0b38f972f9f7ed169e622992cf?s=96&d=mm&r=g\",\"contentUrl\":\"https:\/\/secure.gravatar.com\/avatar\/3d76ba6f4f8fc518cde6a06f90073cb7c0fd5e0b38f972f9f7ed169e622992cf?s=96&d=mm&r=g\",\"caption\":\"ribica\"}}]}<\/script>\n<!-- \/ Yoast SEO plugin. -->","yoast_head_json":{"title":"\u0160ibenik connected with the world | Taxi Sibenik | City taxi | Order taxi","description":"A brief history of taxi \u00b7 Trips \u00b7 Taxi in Sibenik \u00b7 City taxi Sibenik \u00b7 Order taxi \u00b7 + 385 99 3232 777 \u00b7 taxi.gradski.sib@gmail.com","robots":{"index":"index","follow":"follow","max-snippet":"max-snippet:-1","max-image-preview":"max-image-preview:large","max-video-preview":"max-video-preview:-1"},"canonical":"https:\/\/sibenik-taxi.net\/en\/sibenik-connected-with-the-world\/","og_locale":"en_US","og_type":"article","og_title":"\u0160ibenik connected with the world | Taxi Sibenik | City taxi | Order taxi","og_description":"A brief history of taxi \u00b7 Trips \u00b7 Taxi in Sibenik \u00b7 City taxi Sibenik \u00b7 Order taxi \u00b7 + 385 99 3232 777 \u00b7 taxi.gradski.sib@gmail.com","og_url":"https:\/\/sibenik-taxi.net\/en\/sibenik-connected-with-the-world\/","og_site_name":"Gradski taxi \u0160ibenik","article_publisher":"https:\/\/www.facebook.com\/Gradski-taxi-%c5%a0ibenik-488901857822509\/","article_published_time":"2019-06-14T16:08:33+00:00","article_modified_time":"2019-08-12T10:49:21+00:00","og_image":[{"url":"http:\/\/sibenik-taxi.net\/wp-content\/uploads\/2019\/06\/post-4-fotke.jpg","type":"","width":"","height":""}],"author":"ribica","twitter_card":"summary_large_image","twitter_misc":{"Written by":"ribica","Est. reading time":"3 minutes"},"schema":{"@context":"https:\/\/schema.org","@graph":[{"@type":"Article","@id":"https:\/\/sibenik-taxi.net\/en\/sibenik-connected-with-the-world\/#article","isPartOf":{"@id":"https:\/\/sibenik-taxi.net\/en\/sibenik-connected-with-the-world\/"},"author":{"name":"ribica","@id":"https:\/\/sibenik-taxi.net\/#\/schema\/person\/68fdc7e2899386ab5baec50471ca9668"},"headline":"Sibenik connected with the world","datePublished":"2019-06-14T16:08:33+00:00","dateModified":"2019-08-12T10:49:21+00:00","mainEntityOfPage":{"@id":"https:\/\/sibenik-taxi.net\/en\/sibenik-connected-with-the-world\/"},"wordCount":513,"publisher":{"@id":"https:\/\/sibenik-taxi.net\/#organization"},"image":{"@id":"https:\/\/sibenik-taxi.net\/en\/sibenik-connected-with-the-world\/#primaryimage"},"thumbnailUrl":"http:\/\/sibenik-taxi.net\/wp-content\/uploads\/2019\/06\/post-4-fotke.jpg","articleSection":["News"],"inLanguage":"en-US"},{"@type":"WebPage","@id":"https:\/\/sibenik-taxi.net\/en\/sibenik-connected-with-the-world\/","url":"https:\/\/sibenik-taxi.net\/en\/sibenik-connected-with-the-world\/","name":"\u0160ibenik connected with the world | Taxi Sibenik | City taxi | Order taxi","isPartOf":{"@id":"https:\/\/sibenik-taxi.net\/#website"},"primaryImageOfPage":{"@id":"https:\/\/sibenik-taxi.net\/en\/sibenik-connected-with-the-world\/#primaryimage"},"image":{"@id":"https:\/\/sibenik-taxi.net\/en\/sibenik-connected-with-the-world\/#primaryimage"},"thumbnailUrl":"http:\/\/sibenik-taxi.net\/wp-content\/uploads\/2019\/06\/post-4-fotke.jpg","datePublished":"2019-06-14T16:08:33+00:00","dateModified":"2019-08-12T10:49:21+00:00","description":"A brief history of taxi \u00b7 Trips \u00b7 Taxi in Sibenik \u00b7 City taxi Sibenik \u00b7 Order taxi \u00b7 + 385 99 3232 777 \u00b7 taxi.gradski.sib@gmail.com","breadcrumb":{"@id":"https:\/\/sibenik-taxi.net\/en\/sibenik-connected-with-the-world\/#breadcrumb"},"inLanguage":"en-US","potentialAction":[{"@type":"ReadAction","target":["https:\/\/sibenik-taxi.net\/en\/sibenik-connected-with-the-world\/"]}]},{"@type":"ImageObject","inLanguage":"en-US","@id":"https:\/\/sibenik-taxi.net\/en\/sibenik-connected-with-the-world\/#primaryimage","url":"http:\/\/sibenik-taxi.net\/wp-content\/uploads\/2019\/06\/post-4-fotke.jpg","contentUrl":"http:\/\/sibenik-taxi.net\/wp-content\/uploads\/2019\/06\/post-4-fotke.jpg"},{"@type":"BreadcrumbList","@id":"https:\/\/sibenik-taxi.net\/en\/sibenik-connected-with-the-world\/#breadcrumb","itemListElement":[{"@type":"ListItem","position":1,"name":"Home","item":"https:\/\/sibenik-taxi.net\/en\/"},{"@type":"ListItem","position":2,"name":"Sibenik connected with the world"}]},{"@type":"WebSite","@id":"https:\/\/sibenik-taxi.net\/#website","url":"https:\/\/sibenik-taxi.net\/","name":"Gradski taxi \u0160ibenik","description":"Taxi \u0160ibenik - Transferi od 0 do 24h","publisher":{"@id":"https:\/\/sibenik-taxi.net\/#organization"},"potentialAction":[{"@type":"SearchAction","target":{"@type":"EntryPoint","urlTemplate":"https:\/\/sibenik-taxi.net\/?s={search_term_string}"},"query-input":{"@type":"PropertyValueSpecification","valueRequired":true,"valueName":"search_term_string"}}],"inLanguage":"en-US"},{"@type":"Organization","@id":"https:\/\/sibenik-taxi.net\/#organization","name":"Gradski taxi \u0160ibenik","url":"https:\/\/sibenik-taxi.net\/","logo":{"@type":"ImageObject","inLanguage":"en-US","@id":"https:\/\/sibenik-taxi.net\/#\/schema\/logo\/image\/","url":"https:\/\/sibenik-taxi.net\/wp-content\/uploads\/2018\/04\/taxi-logo-google.png","contentUrl":"https:\/\/sibenik-taxi.net\/wp-content\/uploads\/2018\/04\/taxi-logo-google.png","width":201,"height":64,"caption":"Gradski taxi \u0160ibenik"},"image":{"@id":"https:\/\/sibenik-taxi.net\/#\/schema\/logo\/image\/"},"sameAs":["https:\/\/www.facebook.com\/Gradski-taxi-\u0160ibenik-488901857822509\/"]},{"@type":"Person","@id":"https:\/\/sibenik-taxi.net\/#\/schema\/person\/68fdc7e2899386ab5baec50471ca9668","name":"ribica","image":{"@type":"ImageObject","inLanguage":"en-US","@id":"https:\/\/sibenik-taxi.net\/#\/schema\/person\/image\/","url":"https:\/\/secure.gravatar.com\/avatar\/3d76ba6f4f8fc518cde6a06f90073cb7c0fd5e0b38f972f9f7ed169e622992cf?s=96&d=mm&r=g","contentUrl":"https:\/\/secure.gravatar.com\/avatar\/3d76ba6f4f8fc518cde6a06f90073cb7c0fd5e0b38f972f9f7ed169e622992cf?s=96&d=mm&r=g","caption":"ribica"}}]}},"_links":{"self":[{"href":"https:\/\/sibenik-taxi.net\/en\/wp-json\/wp\/v2\/posts\/3399","targetHints":{"allow":["GET"]}}],"collection":[{"href":"https:\/\/sibenik-taxi.net\/en\/wp-json\/wp\/v2\/posts"}],"about":[{"href":"https:\/\/sibenik-taxi.net\/en\/wp-json\/wp\/v2\/types\/post"}],"author":[{"embeddable":true,"href":"https:\/\/sibenik-taxi.net\/en\/wp-json\/wp\/v2\/users\/1"}],"replies":[{"embeddable":true,"href":"https:\/\/sibenik-taxi.net\/en\/wp-json\/wp\/v2\/comments?post=3399"}],"version-history":[{"count":0,"href":"https:\/\/sibenik-taxi.net\/en\/wp-json\/wp\/v2\/posts\/3399\/revisions"}],"wp:attachment":[{"href":"https:\/\/sibenik-taxi.net\/en\/wp-json\/wp\/v2\/media?parent=3399"}],"wp:term":[{"taxonomy":"category","embeddable":true,"href":"https:\/\/sibenik-taxi.net\/en\/wp-json\/wp\/v2\/categories?post=3399"},{"taxonomy":"post_tag","embeddable":true,"href":"https:\/\/sibenik-taxi.net\/en\/wp-json\/wp\/v2\/tags?post=3399"}],"curies":[{"name":"wp","href":"https:\/\/api.w.org\/{rel}","templated":true}]}}